{"id":9360,"date":"2025-02-04T16:23:14","date_gmt":"2025-02-04T16:23:14","guid":{"rendered":"https:\/\/freie-kanu-sportler.de\/?p=9360"},"modified":"2025-02-04T16:24:55","modified_gmt":"2025-02-04T16:24:55","slug":"einladung-zur-mitgliederversammlung-am-16-2-2025-im-naturfreundehaus","status":"publish","type":"post","link":"https:\/\/freie-kanu-sportler.de\/?p=9360","title":{"rendered":"Einladung zur Mitgliederversammlung am 16.2.2025 im Naturfreundehaus"},"content":{"rendered":"\n<p>Liebe Mitglieder,<br><br>hiermit erinnern wir Euch an die Jahresmitgliederversammlung am<\/p>\n\n\n\n<p><strong>16.02.2025 um 15.00 Uhr<\/strong> im Vereinsraum der Naturfreunde Bad Emstal,<br>Niedensteiner Weg 26, 34308 Bad Emstal.<br><br>Im Anhang findet Ihr die Tagesordnung und die Termine f\u00fcr 2025.<br><br>Bitte beachtet, dass sich das Bezirksanpaddeln in Eschwege auf den 23.03.2025 verschoben hat.<\/p>\n\n\n\n<p><br>Viele Gr\u00fc\u00dfe<br>Ilona Stephan<br>1. Vorsitzende<br><br>Freie Kanu-Sportler e.V.<br>Niedensteiner Weg 26<br>34308 Bad Emstal<br>Registergericht: Amtsgericht Kassel<br>Vereinsregister-Nr.: 2292<br><br>Mobil 0163 1867 619<\/p>\n\n\n<a href=\"https:\/\/freie-kanu-sportler.de\/wp-content\/uploads\/2025\/02\/Tagesordnung-2025.pdf\" class=\"pdfemb-viewer\" style=\"\" data-width=\"max\" data-height=\"max\" data-toolbar=\"bottom\" data-toolbar-fixed=\"off\">Tagesordnung-2025<\/a>\n<p class=\"wp-block-pdfemb-pdf-embedder-viewer\"><\/p>\n\n\n<a href=\"https:\/\/freie-kanu-sportler.de\/wp-content\/uploads\/2025\/02\/Terminplanung-Freie-Kanu-2025.pdf\" class=\"pdfemb-viewer\" style=\"\" data-width=\"max\" data-height=\"max\" data-toolbar=\"bottom\" data-toolbar-fixed=\"off\">Terminplanung-Freie-Kanu-2025<\/a>\n<p class=\"wp-block-pdfemb-pdf-embedder-viewer\"><\/p>\n","protected":false},"excerpt":{"rendered":"<p>Liebe Mitglieder, hiermit erinnern wir Euch an die Jahresmitgliederversammlung am 16.02.2025 um 15.00 Uhr im Vereinsraum der Naturfreunde Bad Emstal,Niedensteiner Weg 26, 34308 Bad Emstal. Im Anhang findet Ihr die Tagesordnung und die Termine f\u00fcr 2025. Bitte beachtet, dass sich das Bezirksanpaddeln in Eschwege auf den 23.03.2025 verschoben hat. Viele Gr\u00fc\u00dfeIlona Stephan1. Vorsitzende Freie Kanu-Sportler&#8230; <\/p>\n<div class=\"clear\"><\/div>\n<p><a href=\"https:\/\/freie-kanu-sportler.de\/?p=9360\" class=\"excerpt-read-more\">Read More<\/a><\/p>\n","protected":false},"author":10,"featured_media":8367,"comment_status":"open","ping_status":"open","sticky":false,"template":"","format":"standard","meta":{"ngg_post_thumbnail":0,"footnotes":""},"categories":[3,2,8],"tags":[],"class_list":["post-9360","post","type-post","status-publish","format-standard","has-post-thumbnail","hentry","category-archiv","category-news","category-versammlungen"],"_links":{"self":[{"href":"https:\/\/freie-kanu-sportler.de\/index.php?rest_route=\/wp\/v2\/posts\/9360","targetHints":{"allow":["GET"]}}],"collection":[{"href":"https:\/\/freie-kanu-sportler.de\/index.php?rest_route=\/wp\/v2\/posts"}],"about":[{"href":"https:\/\/freie-kanu-sportler.de\/index.php?rest_route=\/wp\/v2\/types\/post"}],"author":[{"embeddable":true,"href":"https:\/\/freie-kanu-sportler.de\/index.php?rest_route=\/wp\/v2\/users\/10"}],"replies":[{"embeddable":true,"href":"https:\/\/freie-kanu-sportler.de\/index.php?rest_route=%2Fwp%2Fv2%2Fcomments&post=9360"}],"version-history":[{"count":3,"href":"https:\/\/freie-kanu-sportler.de\/index.php?rest_route=\/wp\/v2\/posts\/9360\/revisions"}],"predecessor-version":[{"id":9365,"href":"https:\/\/freie-kanu-sportler.de\/index.php?rest_route=\/wp\/v2\/posts\/9360\/revisions\/9365"}],"wp:featuredmedia":[{"embeddable":true,"href":"https:\/\/freie-kanu-sportler.de\/index.php?rest_route=\/wp\/v2\/media\/8367"}],"wp:attachment":[{"href":"https:\/\/freie-kanu-sportler.de\/index.php?rest_route=%2Fwp%2Fv2%2Fmedia&parent=9360"}],"wp:term":[{"taxonomy":"category","embeddable":true,"href":"https:\/\/freie-kanu-sportler.de\/index.php?rest_route=%2Fwp%2Fv2%2Fcategories&post=9360"},{"taxonomy":"post_tag","embeddable":true,"href":"https:\/\/freie-kanu-sportler.de\/index.php?rest_route=%2Fwp%2Fv2%2Ftags&post=9360"}],"curies":[{"name":"wp","href":"https:\/\/api.w.org\/{rel}","templated":true}]}}