{"id":9313,"date":"2024-03-26T17:52:25","date_gmt":"2024-03-26T17:52:25","guid":{"rendered":"https:\/\/freie-kanu-sportler.de\/?p=9313"},"modified":"2024-04-02T15:38:59","modified_gmt":"2024-04-02T15:38:59","slug":"anpaddeln-der-freien-kanu-sportler-am-24-3-2024-auf-der-eder-von-viermuenden-bis-herzhausen","status":"publish","type":"post","link":"https:\/\/freie-kanu-sportler.de\/?p=9313","title":{"rendered":"Anpaddeln der Freien Kanu-Sportler am 24.3.2024 auf der Eder von Vierm\u00fcnden bis Herzhausen"},"content":{"rendered":"\n<p>Trotz anderer Vorhersagen hat das Wetter gut mitgespielt, so dass wir die 10 min Regen am Ende der Tour gut wegstecken konnten. Klar, dass wir uns dann in Herzhausen erstmal etwas aufgew\u00e4rmt haben. Ein sch\u00f6ner Auftakt f\u00fcr die neue Saison, den unsere G\u00e4ste auch sehr genossen haben.<\/p>\n\n\n\n<p>Die Bilder findet ihr auf <a href=\"https:\/\/www.instagram.com\/p\/C46CSE0t704\/?utm_source=ig_web_button_share_sheet\">Instagram<\/a><\/p>\n\n\n\n<p><\/p>\n\n\n\n<p><strong>Parallel zum Anpaddeln auf der oberen Eder wurde auch eine Wanderung angeboten,<\/strong><\/p>\n\n\n\n<p>die \u00fcber gut 8 km von Kirchlotheim \u00fcber den Br\u00fcckengrundsteig nach Herzhausen f\u00fchrte.<\/p>\n\n\n\n<p>Es machten sich nur zwei einsame F\u00fc\u00dfe bei Regen vom &nbsp;Nationalparkzentrum Kellerwald auf den Weg. Aber schon bald kam die Sonne heraus und trocknete den Wanderer sehr schnell.<\/p>\n\n\n\n<p>So einsam war er gar nicht, denn die zwitschernden V\u00f6gel und das Rauschen des<\/p>\n\n\n\n<p>Windes begleiteten ihn. Es ging \u00fcber naturbelassene Pfade und an Wiesengr\u00fcnden vorbei.<\/p>\n\n\n\n<p>&nbsp;Trotz des rauen Klimas im Kellerwald zeigte sich bereits das erste Gr\u00fcn .<\/p>\n\n\n\n<p>Bis kurz vor dem Ziel begleitete mich das sch\u00f6ne Wanderwetter, leider wurde ich dann doch<\/p>\n\n\n\n<p>noch nass.<\/p>\n\n\n\n<p>In Herzhausen traf ich mich mit den Paddlern im Imbiss \u201eMahlzeit\u201c, wo wir sehr<\/p>\n\n\n\n<p>freundlich begr\u00fc\u00dft wurden.<\/p>\n\n\n\n<figure class=\"wp-block-image size-large\"><img loading=\"lazy\" decoding=\"async\" width=\"576\" height=\"1024\" src=\"https:\/\/freie-kanu-sportler.de\/wp-content\/uploads\/2024\/04\/PXL_20240324_105342738-576x1024.jpg\" alt=\"\" class=\"wp-image-9317\" srcset=\"https:\/\/freie-kanu-sportler.de\/wp-content\/uploads\/2024\/04\/PXL_20240324_105342738-576x1024.jpg 576w, https:\/\/freie-kanu-sportler.de\/wp-content\/uploads\/2024\/04\/PXL_20240324_105342738-169x300.jpg 169w, https:\/\/freie-kanu-sportler.de\/wp-content\/uploads\/2024\/04\/PXL_20240324_105342738-768x1365.jpg 768w, https:\/\/freie-kanu-sportler.de\/wp-content\/uploads\/2024\/04\/PXL_20240324_105342738-864x1536.jpg 864w, https:\/\/freie-kanu-sportler.de\/wp-content\/uploads\/2024\/04\/PXL_20240324_105342738-1152x2048.jpg 1152w, https:\/\/freie-kanu-sportler.de\/wp-content\/uploads\/2024\/04\/PXL_20240324_105342738-scaled.jpg 1440w\" sizes=\"auto, (max-width: 576px) 100vw, 576px\" \/><\/figure>\n","protected":false},"excerpt":{"rendered":"<p>Trotz anderer Vorhersagen hat das Wetter gut mitgespielt, so dass wir die 10 min Regen am Ende der Tour gut wegstecken konnten. Klar, dass wir uns dann in Herzhausen erstmal etwas aufgew\u00e4rmt haben. Ein sch\u00f6ner Auftakt f\u00fcr die neue Saison, den unsere G\u00e4ste auch sehr genossen haben. Die Bilder findet ihr auf Instagram Parallel zum&#8230; <\/p>\n<div class=\"clear\"><\/div>\n<p><a href=\"https:\/\/freie-kanu-sportler.de\/?p=9313\" class=\"excerpt-read-more\">Read More<\/a><\/p>\n","protected":false},"author":7,"featured_media":8618,"comment_status":"open","ping_status":"open","sticky":false,"template":"","format":"standard","meta":{"ngg_post_thumbnail":0,"footnotes":""},"categories":[3,2],"tags":[],"class_list":["post-9313","post","type-post","status-publish","format-standard","has-post-thumbnail","hentry","category-archiv","category-news"],"_links":{"self":[{"href":"https:\/\/freie-kanu-sportler.de\/index.php?rest_route=\/wp\/v2\/posts\/9313","targetHints":{"allow":["GET"]}}],"collection":[{"href":"https:\/\/freie-kanu-sportler.de\/index.php?rest_route=\/wp\/v2\/posts"}],"about":[{"href":"https:\/\/freie-kanu-sportler.de\/index.php?rest_route=\/wp\/v2\/types\/post"}],"author":[{"embeddable":true,"href":"https:\/\/freie-kanu-sportler.de\/index.php?rest_route=\/wp\/v2\/users\/7"}],"replies":[{"embeddable":true,"href":"https:\/\/freie-kanu-sportler.de\/index.php?rest_route=%2Fwp%2Fv2%2Fcomments&post=9313"}],"version-history":[{"count":4,"href":"https:\/\/freie-kanu-sportler.de\/index.php?rest_route=\/wp\/v2\/posts\/9313\/revisions"}],"predecessor-version":[{"id":9319,"href":"https:\/\/freie-kanu-sportler.de\/index.php?rest_route=\/wp\/v2\/posts\/9313\/revisions\/9319"}],"wp:featuredmedia":[{"embeddable":true,"href":"https:\/\/freie-kanu-sportler.de\/index.php?rest_route=\/wp\/v2\/media\/8618"}],"wp:attachment":[{"href":"https:\/\/freie-kanu-sportler.de\/index.php?rest_route=%2Fwp%2Fv2%2Fmedia&parent=9313"}],"wp:term":[{"taxonomy":"category","embeddable":true,"href":"https:\/\/freie-kanu-sportler.de\/index.php?rest_route=%2Fwp%2Fv2%2Fcategories&post=9313"},{"taxonomy":"post_tag","embeddable":true,"href":"https:\/\/freie-kanu-sportler.de\/index.php?rest_route=%2Fwp%2Fv2%2Ftags&post=9313"}],"curies":[{"name":"wp","href":"https:\/\/api.w.org\/{rel}","templated":true}]}}