{"id":8428,"date":"1992-06-10T10:26:00","date_gmt":"1992-06-10T10:26:00","guid":{"rendered":"http:\/\/entwicklung.fks.diwete.de\/?p=8428"},"modified":"2020-03-02T18:39:21","modified_gmt":"2020-03-02T18:39:21","slug":"1992-altmuehlfahrt-der-familie-beller","status":"publish","type":"post","link":"https:\/\/freie-kanu-sportler.de\/?p=8428","title":{"rendered":"Altm\u00fchlfahrt der Familie Beller"},"content":{"rendered":"\n<p>Schon seit langem war die Altm\u00fchl von uns f\u00fcr eine Urlaubswanderfahrt auserkoren, jetzt endlich war es<br>soweit. Vom 12. bis 17.Juli fuhren Vera, Karl, Pasqual, B\u00e4rbel und Herrmann, den lohnendsten<br>Flu\u00dfabschnitt von Treuchtlingen bis Beilngries.<br>Das Wasser ist m\u00e4\u00dfig sauber. In den letzten Jahren wurde ein gro\u00dfer Teil der Altm\u00fchl als offizielle<br>Flu\u00dfwanderstrecke ausgebaut. Von den Gemeinden wurden an den Wehranlagen Bootsumsetzstellen mit<br>Treppen errichtet und etliche neue Rastpl\u00e4tze mit Zeltm\u00f6glichkeiten angelegt. Diese Bem\u00fchungen lernten<br>wir schnell zu sch\u00e4tzen. Ab Treuchtlingen beginnt sich das Tal der Altm\u00fchl zu verengen und die Berge<br>treten bis an die Ufer.<br>Das Wehr am St\u00e4dtischen Freibad ist vorwiegend offen und so fahren wir ungehindert mit unseren Kanus in<br>das canyonartige Tal hinein. Eine ganze Reihe von Sehensw\u00fcrdigkeiten zieht sich wie eine Perlenkette am<br>Flu\u00df entlang: das kleine Burgst\u00e4dtchen Pappenheim, Solnhofen mit seinen weltber\u00fchmtem Steinbr\u00fcchen,<br>die Felsformation der &#8222;Zw\u00f6lf Apostel&#8220;, das s\u00fcdlich anmutende Dollnstein und die bisch\u00f6fliche Residenzstadt<br>Eichst\u00e4tt als kultureller Mittelpunkt des Tales. Aber auch weiter flu\u00dfabw\u00e4rts rei\u00dft die Kette der seltenen<br>Landschaftsbilder nicht ab. Wacholderheiden oberhalb der alten Pf\u00fcnzer Steinbr\u00fcche wetteifern mit<br>leuchtend wei\u00dfen Kalkt\u00fcrmen und gr\u00fcnen Mischwaldbest\u00e4nden. Bei der hochragenden Burg Kipfenberg<br>kreuzt der Limes mit seinen wiederaufgebauten T\u00fcrmen und Kastellen das Altm\u00fchltal.<br>Wir fahren weiter, vorbei am Campingplatz Kratzm\u00fchle, kurz darauf leuchtet vor uns oben am Berg das<br>Schlo\u00df Hirschberg und signalisiert die N\u00e4he von Beilngries. Die engen Gassen der gut erhaltenen Altstadt<br>locken zum Besuch. In einen der vielen Bierg\u00e4rten, die alle von Radfahrern und Paddlern gef\u00fcllt sind, nimmt<br>eine sch\u00f6ne Urlaubswoche ihr Ende.<\/p>\n","protected":false},"excerpt":{"rendered":"<p>Schon seit langem war die Altm\u00fchl von uns f\u00fcr eine Urlaubswanderfahrt auserkoren, jetzt endlich war essoweit. Vom 12. bis 17.Juli fuhren Vera, Karl, Pasqual, B\u00e4rbel und Herrmann, den lohnendstenFlu\u00dfabschnitt von Treuchtlingen bis Beilngries.Das Wasser ist m\u00e4\u00dfig sauber. In den letzten Jahren wurde ein gro\u00dfer Teil der Altm\u00fchl als offizielleFlu\u00dfwanderstrecke ausgebaut. Von den Gemeinden wurden an&#8230; <\/p>\n<div class=\"clear\"><\/div>\n<p><a href=\"https:\/\/freie-kanu-sportler.de\/?p=8428\" class=\"excerpt-read-more\">Read More<\/a><\/p>\n","protected":false},"author":3,"featured_media":0,"comment_status":"open","ping_status":"open","sticky":false,"template":"","format":"standard","meta":{"ngg_post_thumbnail":0,"footnotes":""},"categories":[3],"tags":[],"class_list":["post-8428","post","type-post","status-publish","format-standard","hentry","category-archiv"],"_links":{"self":[{"href":"https:\/\/freie-kanu-sportler.de\/index.php?rest_route=\/wp\/v2\/posts\/8428","targetHints":{"allow":["GET"]}}],"collection":[{"href":"https:\/\/freie-kanu-sportler.de\/index.php?rest_route=\/wp\/v2\/posts"}],"about":[{"href":"https:\/\/freie-kanu-sportler.de\/index.php?rest_route=\/wp\/v2\/types\/post"}],"author":[{"embeddable":true,"href":"https:\/\/freie-kanu-sportler.de\/index.php?rest_route=\/wp\/v2\/users\/3"}],"replies":[{"embeddable":true,"href":"https:\/\/freie-kanu-sportler.de\/index.php?rest_route=%2Fwp%2Fv2%2Fcomments&post=8428"}],"version-history":[{"count":3,"href":"https:\/\/freie-kanu-sportler.de\/index.php?rest_route=\/wp\/v2\/posts\/8428\/revisions"}],"predecessor-version":[{"id":8524,"href":"https:\/\/freie-kanu-sportler.de\/index.php?rest_route=\/wp\/v2\/posts\/8428\/revisions\/8524"}],"wp:attachment":[{"href":"https:\/\/freie-kanu-sportler.de\/index.php?rest_route=%2Fwp%2Fv2%2Fmedia&parent=8428"}],"wp:term":[{"taxonomy":"category","embeddable":true,"href":"https:\/\/freie-kanu-sportler.de\/index.php?rest_route=%2Fwp%2Fv2%2Fcategories&post=8428"},{"taxonomy":"post_tag","embeddable":true,"href":"https:\/\/freie-kanu-sportler.de\/index.php?rest_route=%2Fwp%2Fv2%2Ftags&post=8428"}],"curies":[{"name":"wp","href":"https:\/\/api.w.org\/{rel}","templated":true}]}}