{"id":257,"date":"2014-05-22T13:14:00","date_gmt":"2014-05-22T13:14:00","guid":{"rendered":"http:\/\/entwicklung.fks.diwete.de\/?p=257"},"modified":"2020-03-02T14:14:50","modified_gmt":"2020-03-02T14:14:50","slug":"2014-wir-paddeln-wieder","status":"publish","type":"post","link":"https:\/\/freie-kanu-sportler.de\/?p=257","title":{"rendered":"Wir paddeln wieder"},"content":{"rendered":"\n<p>Auch in diesem Jahr bieten wir wieder interessante Kanufahrten an. In lockerer und freundschaftlicher Atmosph\u00e4re macht das Paddeln bei uns, zusammen mit den Freien Kanu-Sportlern, besonders viel Spa\u00df. Die angebotenen Fahrten sind f\u00fcr Anf\u00e4nger und f\u00fcr Kinder besonders gut geeignet. Voraussetzung ist, dass ihr schwimmen k\u00f6nnt und nicht wasserscheu seit.<\/p>\n\n\n\n<p>Folgende Fahrten sind z.Zt. geplant:<\/p>\n\n\n\n<p>18.5.2014&nbsp; Schnupperfahrt auf der Fulda von Beisef\u00f6rth \u2013 WVM Melsungen&nbsp;<a href=\"http:\/\/entwicklung.fks.diwete.de\/wp-content\/uploads\/2020\/02\/Kanuflyer_Schnupperfahrt.pdf\" target=\"_blank\" rel=\"noreferrer noopener\" aria-label=\" (\u00f6ffnet in neuem Tab)\">-weitere Informationen-<\/a><\/p>\n\n\n\n<p>29.5.-1.6.2014&nbsp; (Himmelfahrt) Wir fahren in die Heide auf sch\u00f6nen kleinen Fl\u00fcsschen. \u00dcbernachtet wird bei einem Kanuverein an der Lachte.&nbsp;<a href=\"http:\/\/entwicklung.fks.diwete.de\/wp-content\/uploads\/2020\/02\/Heide_Organisation_2014.pdf\" target=\"_blank\" rel=\"noreferrer noopener\" aria-label=\" (\u00f6ffnet in neuem Tab)\">-weitere Informationen-<\/a><\/p>\n\n\n\n<p>7.-9.6.2014 (Pfingsten) Kanufahrt auf der Diemel.&nbsp;<a href=\"http:\/\/entwicklung.fks.diwete.de\/wp-content\/uploads\/2020\/02\/Diemel_Organisation_mit_Flussfuehrer.pdf\" target=\"_blank\" rel=\"noreferrer noopener\" aria-label=\" (\u00f6ffnet in neuem Tab)\">&nbsp;-weitere Informationen-<\/a><\/p>\n\n\n\n<p>14.\/15.6. 2014 Jugend- und Kinderfahrt auf der Fulda&nbsp;<a href=\"http:\/\/entwicklung.fks.diwete.de\/wp-content\/uploads\/2020\/02\/Fleyer-Jugend-und-Kinderfahrt-2014.pdf\" target=\"_blank\" rel=\"noreferrer noopener\" aria-label=\" (\u00f6ffnet in neuem Tab)\">-weitere Informationen &#8211;<\/a><\/p>\n","protected":false},"excerpt":{"rendered":"<p>Auch in diesem Jahr bieten wir wieder interessante Kanufahrten an. In lockerer und freundschaftlicher Atmosph\u00e4re macht das Paddeln bei uns, zusammen mit den Freien Kanu-Sportlern, besonders viel Spa\u00df. Die angebotenen Fahrten sind f\u00fcr Anf\u00e4nger und f\u00fcr Kinder besonders gut geeignet. Voraussetzung ist, dass ihr schwimmen k\u00f6nnt und nicht wasserscheu seit. Folgende Fahrten sind z.Zt. geplant:&#8230; <\/p>\n<div class=\"clear\"><\/div>\n<p><a href=\"https:\/\/freie-kanu-sportler.de\/?p=257\" class=\"excerpt-read-more\">Read More<\/a><\/p>\n","protected":false},"author":3,"featured_media":0,"comment_status":"open","ping_status":"open","sticky":false,"template":"","format":"standard","meta":{"ngg_post_thumbnail":0,"footnotes":""},"categories":[3],"tags":[],"class_list":["post-257","post","type-post","status-publish","format-standard","hentry","category-archiv"],"_links":{"self":[{"href":"https:\/\/freie-kanu-sportler.de\/index.php?rest_route=\/wp\/v2\/posts\/257","targetHints":{"allow":["GET"]}}],"collection":[{"href":"https:\/\/freie-kanu-sportler.de\/index.php?rest_route=\/wp\/v2\/posts"}],"about":[{"href":"https:\/\/freie-kanu-sportler.de\/index.php?rest_route=\/wp\/v2\/types\/post"}],"author":[{"embeddable":true,"href":"https:\/\/freie-kanu-sportler.de\/index.php?rest_route=\/wp\/v2\/users\/3"}],"replies":[{"embeddable":true,"href":"https:\/\/freie-kanu-sportler.de\/index.php?rest_route=%2Fwp%2Fv2%2Fcomments&post=257"}],"version-history":[{"count":3,"href":"https:\/\/freie-kanu-sportler.de\/index.php?rest_route=\/wp\/v2\/posts\/257\/revisions"}],"predecessor-version":[{"id":271,"href":"https:\/\/freie-kanu-sportler.de\/index.php?rest_route=\/wp\/v2\/posts\/257\/revisions\/271"}],"wp:attachment":[{"href":"https:\/\/freie-kanu-sportler.de\/index.php?rest_route=%2Fwp%2Fv2%2Fmedia&parent=257"}],"wp:term":[{"taxonomy":"category","embeddable":true,"href":"https:\/\/freie-kanu-sportler.de\/index.php?rest_route=%2Fwp%2Fv2%2Fcategories&post=257"},{"taxonomy":"post_tag","embeddable":true,"href":"https:\/\/freie-kanu-sportler.de\/index.php?rest_route=%2Fwp%2Fv2%2Ftags&post=257"}],"curies":[{"name":"wp","href":"https:\/\/api.w.org\/{rel}","templated":true}]}}