{"id":211,"date":"2017-01-22T14:22:27","date_gmt":"2017-01-22T14:22:27","guid":{"rendered":"http:\/\/entwicklung.fks.diwete.de\/?p=211"},"modified":"2020-03-02T14:26:11","modified_gmt":"2020-03-02T14:26:11","slug":"einladung-jahreshauptversammlung-der-freien-kanu-sportler-e-v","status":"publish","type":"post","link":"https:\/\/freie-kanu-sportler.de\/?p=211","title":{"rendered":"2017 &#8211; Einladung Jahreshauptversammlung der Freien Kanu-Sportler e.V."},"content":{"rendered":"\n<p><strong><em>am 5. M\u00e4rz 2017 um 15.00 Uhr<\/em><\/strong><\/p>\n\n\n\n<p><strong><em>im Jugendraum der Naturfreunde Bad Emstal<\/em><\/strong><\/p>\n\n\n\n<p><strong><em>34308 Bad Emstal, Niedensteinerweg 26<\/em><\/strong><\/p>\n\n\n\n<p><strong><em>Tagesordnung<\/em><\/strong><\/p>\n\n\n\n<p><strong><em>1. Begr\u00fc\u00dfung und Er\u00f6ffnung<\/em><\/strong><\/p>\n\n\n\n<p><strong><em>2. Feststellung der fristgerechten Einberufung und der Beschlussf\u00e4higkeit der Versammlung<\/em><\/strong><\/p>\n\n\n\n<p><strong><em>3. Berichte des<\/em><\/strong><\/p>\n\n\n\n<p><strong><em>3.1 Vorstands<\/em><\/strong><\/p>\n\n\n\n<p><strong><em>3.2 Wanderwartes<\/em><\/strong><\/p>\n\n\n\n<p><strong><em>3.3 Schatzmeisters-Kassenlage<\/em><\/strong><\/p>\n\n\n\n<p><strong><em>3.4 Der Baukommission (Bootshaus)<\/em><\/strong><\/p>\n\n\n\n<p><strong><em>4. Bericht der Kassenpr\u00fcfer<\/em><\/strong><\/p>\n\n\n\n<p><strong><em>5. Entlastung<\/em><\/strong><\/p>\n\n\n\n<p><strong><em>5.1 des Schatzmeisters<\/em><\/strong><\/p>\n\n\n\n<p><strong><em>5.2 des Vorstandes<\/em><\/strong><\/p>\n\n\n\n<p><strong><em>6. Neuwahlen<\/em><\/strong><\/p>\n\n\n\n<p><em>6.1 Kassenpr\u00fcfer<\/em><\/p>\n\n\n\n<p><em>6.2 Jugendwart<\/em><\/p>\n\n\n\n<p><strong><em>7. Veranstaltungen 2017<\/em><\/strong><\/p>\n\n\n\n<p><strong><em>8. Haushaltsvoranschlag 2017<\/em><\/strong><\/p>\n\n\n\n<p><strong><em>9. Antr\u00e4ge<\/em><\/strong><\/p>\n\n\n\n<p><strong><em>10. Verschiedenes<\/em><\/strong><\/p>\n\n\n\n<p><em>10.1 Beitragserh\u00f6hung f\u00fcr 2018<\/em><\/p>\n\n\n\n<p><em>10.2 Festlichkeit am 26.August 2017<\/em><\/p>\n\n\n\n<p><em>10.3 Ausgabe der DKV Beitrittsmarken<\/em><\/p>\n\n\n\n<p><em>10.4 Ehrungen<\/em><\/p>\n","protected":false},"excerpt":{"rendered":"<p>am 5. M\u00e4rz 2017 um 15.00 Uhr im Jugendraum der Naturfreunde Bad Emstal 34308 Bad Emstal, Niedensteinerweg 26 Tagesordnung 1. Begr\u00fc\u00dfung und Er\u00f6ffnung 2. Feststellung der fristgerechten Einberufung und der Beschlussf\u00e4higkeit der Versammlung 3. Berichte des 3.1 Vorstands 3.2 Wanderwartes 3.3 Schatzmeisters-Kassenlage 3.4 Der Baukommission (Bootshaus) 4. Bericht der Kassenpr\u00fcfer 5. Entlastung 5.1 des Schatzmeisters&#8230; <\/p>\n<div class=\"clear\"><\/div>\n<p><a href=\"https:\/\/freie-kanu-sportler.de\/?p=211\" class=\"excerpt-read-more\">Read More<\/a><\/p>\n","protected":false},"author":3,"featured_media":8367,"comment_status":"open","ping_status":"open","sticky":false,"template":"","format":"standard","meta":{"ngg_post_thumbnail":0,"footnotes":""},"categories":[2],"tags":[],"class_list":["post-211","post","type-post","status-publish","format-standard","has-post-thumbnail","hentry","category-news"],"_links":{"self":[{"href":"https:\/\/freie-kanu-sportler.de\/index.php?rest_route=\/wp\/v2\/posts\/211","targetHints":{"allow":["GET"]}}],"collection":[{"href":"https:\/\/freie-kanu-sportler.de\/index.php?rest_route=\/wp\/v2\/posts"}],"about":[{"href":"https:\/\/freie-kanu-sportler.de\/index.php?rest_route=\/wp\/v2\/types\/post"}],"author":[{"embeddable":true,"href":"https:\/\/freie-kanu-sportler.de\/index.php?rest_route=\/wp\/v2\/users\/3"}],"replies":[{"embeddable":true,"href":"https:\/\/freie-kanu-sportler.de\/index.php?rest_route=%2Fwp%2Fv2%2Fcomments&post=211"}],"version-history":[{"count":3,"href":"https:\/\/freie-kanu-sportler.de\/index.php?rest_route=\/wp\/v2\/posts\/211\/revisions"}],"predecessor-version":[{"id":247,"href":"https:\/\/freie-kanu-sportler.de\/index.php?rest_route=\/wp\/v2\/posts\/211\/revisions\/247"}],"wp:featuredmedia":[{"embeddable":true,"href":"https:\/\/freie-kanu-sportler.de\/index.php?rest_route=\/wp\/v2\/media\/8367"}],"wp:attachment":[{"href":"https:\/\/freie-kanu-sportler.de\/index.php?rest_route=%2Fwp%2Fv2%2Fmedia&parent=211"}],"wp:term":[{"taxonomy":"category","embeddable":true,"href":"https:\/\/freie-kanu-sportler.de\/index.php?rest_route=%2Fwp%2Fv2%2Fcategories&post=211"},{"taxonomy":"post_tag","embeddable":true,"href":"https:\/\/freie-kanu-sportler.de\/index.php?rest_route=%2Fwp%2Fv2%2Ftags&post=211"}],"curies":[{"name":"wp","href":"https:\/\/api.w.org\/{rel}","templated":true}]}}