{"id":180,"date":"2019-12-28T17:59:00","date_gmt":"2019-12-28T17:59:00","guid":{"rendered":"http:\/\/entwicklung.fks.diwete.de\/?p=180"},"modified":"2020-03-11T17:57:19","modified_gmt":"2020-03-11T17:57:19","slug":"einladung-zur-mitgliederversammlung-2020","status":"publish","type":"post","link":"https:\/\/freie-kanu-sportler.de\/?p=180","title":{"rendered":"2019 &#8211; Einladung zur Mitgliederversammlung 2020"},"content":{"rendered":"\n<p><strong><em>Jahreshauptversammlung der Freien Kanu-Sportler e.V.<\/em><\/strong><strong><\/strong><\/p>\n\n\n\n<p><strong><em>am 16. Februar 2020 um 15.00 Uhr<\/em><\/strong><\/p>\n\n\n\n<p><strong><em>im Vereinsraum der Naturfreunde Bad Emstal<\/em><\/strong><\/p>\n\n\n\n<p><strong><em>34308 Bad Emstal, Niedensteinerweg 26<\/em><\/strong><\/p>\n\n\n\n<p><strong><em>Tagesordnung<\/em><\/strong><\/p>\n\n\n\n<p><strong><em>1.&nbsp;Begr\u00fc\u00dfung und Er\u00f6ffnung<\/em><\/strong><\/p>\n\n\n\n<p><strong><em>2.&nbsp;Feststellung der fristgerechten Einberufung und der Beschlussf\u00e4higkeit der Versammlung<\/em><\/strong><\/p>\n\n\n\n<p><strong><em>3.&nbsp;Berichte des<\/em><\/strong><\/p>\n\n\n\n<p><strong><em>3.1&nbsp;Vorstands<\/em><\/strong><\/p>\n\n\n\n<p><strong><em>3.2&nbsp;Wanderwartes<\/em><\/strong><\/p>\n\n\n\n<p><strong><em>3.3&nbsp;Schatzmeisters-Kassenlage<\/em><\/strong><\/p>\n\n\n\n<p><strong><em>4.&nbsp;Bericht der Kassenpr\u00fcfer<\/em><\/strong><\/p>\n\n\n\n<p><strong><em>5.&nbsp;Entlastung<\/em><\/strong><\/p>\n\n\n\n<p><strong><em>5.1&nbsp;des Schatzmeisters<\/em><\/strong><\/p>\n\n\n\n<p><strong><em>5.2&nbsp;des Vorstandes<\/em><\/strong><\/p>\n\n\n\n<p><strong><em>6.&nbsp;Neuwahlen<\/em><\/strong><strong><\/strong><\/p>\n\n\n\n<p><em><\/em><strong><em>6.1&nbsp;1 Vorsitzender<\/em><\/strong><\/p>\n\n\n\n<p><strong><em>6.2&nbsp;2 Vorsitzender<\/em><\/strong><\/p>\n\n\n\n<p><strong><em>6.3&nbsp;Schatzmeister<\/em><\/strong><\/p>\n\n\n\n<p><strong><em>6.4&nbsp;Pressewart<\/em><\/strong><\/p>\n\n\n\n<p><strong><em>6.5&nbsp;Wanderwart<\/em><\/strong><\/p>\n\n\n\n<p><strong><em>6.6&nbsp;Schriftf\u00fchrer<\/em><\/strong><\/p>\n\n\n\n<p><strong><em>6.7&nbsp;Ger\u00e4tewart<\/em><\/strong><\/p>\n\n\n\n<p><strong><em>6.8&nbsp;Kassenpr\u00fcfer<\/em><\/strong><\/p>\n\n\n\n<p><strong><em>6.9&nbsp;Jugendwart<\/em><\/strong><\/p>\n\n\n\n<p><strong><em>7.&nbsp;Veranstaltungen 2020<\/em><\/strong><\/p>\n\n\n\n<p><strong><em>8.&nbsp;Haushaltsvoranschlag 2020<\/em><\/strong><\/p>\n\n\n\n<p><strong><em>9.&nbsp;Antr\u00e4ge<\/em><\/strong><\/p>\n\n\n\n<p><strong><em>10. Verschiedenes<\/em><\/strong><\/p>\n\n\n\n<p><em>10.1&nbsp;Ausgabe der DKV Beitrittsmarken<\/em><\/p>\n\n\n\n<p><\/p>\n\n\n\n<p><em>Mit freundlichen Gr\u00fcssen<\/em><\/p>\n\n\n\n<p><em>1. Vorsitzender<\/em><\/p>\n\n\n\n<p><em>Mario Schmeer<\/em><\/p>\n","protected":false},"excerpt":{"rendered":"<p>Jahreshauptversammlung der Freien Kanu-Sportler e.V. am 16. Februar 2020 um 15.00 Uhr im Vereinsraum der Naturfreunde Bad Emstal 34308 Bad Emstal, Niedensteinerweg 26 Tagesordnung 1.&nbsp;Begr\u00fc\u00dfung und Er\u00f6ffnung 2.&nbsp;Feststellung der fristgerechten Einberufung und der Beschlussf\u00e4higkeit der Versammlung 3.&nbsp;Berichte des 3.1&nbsp;Vorstands 3.2&nbsp;Wanderwartes 3.3&nbsp;Schatzmeisters-Kassenlage 4.&nbsp;Bericht der Kassenpr\u00fcfer 5.&nbsp;Entlastung 5.1&nbsp;des Schatzmeisters 5.2&nbsp;des Vorstandes 6.&nbsp;Neuwahlen 6.1&nbsp;1 Vorsitzender 6.2&nbsp;2 Vorsitzender 6.3&nbsp;Schatzmeister&#8230; <\/p>\n<div class=\"clear\"><\/div>\n<p><a href=\"https:\/\/freie-kanu-sportler.de\/?p=180\" class=\"excerpt-read-more\">Read More<\/a><\/p>\n","protected":false},"author":3,"featured_media":8367,"comment_status":"open","ping_status":"open","sticky":false,"template":"","format":"standard","meta":{"ngg_post_thumbnail":0,"footnotes":""},"categories":[2],"tags":[],"class_list":["post-180","post","type-post","status-publish","format-standard","has-post-thumbnail","hentry","category-news"],"_links":{"self":[{"href":"https:\/\/freie-kanu-sportler.de\/index.php?rest_route=\/wp\/v2\/posts\/180","targetHints":{"allow":["GET"]}}],"collection":[{"href":"https:\/\/freie-kanu-sportler.de\/index.php?rest_route=\/wp\/v2\/posts"}],"about":[{"href":"https:\/\/freie-kanu-sportler.de\/index.php?rest_route=\/wp\/v2\/types\/post"}],"author":[{"embeddable":true,"href":"https:\/\/freie-kanu-sportler.de\/index.php?rest_route=\/wp\/v2\/users\/3"}],"replies":[{"embeddable":true,"href":"https:\/\/freie-kanu-sportler.de\/index.php?rest_route=%2Fwp%2Fv2%2Fcomments&post=180"}],"version-history":[{"count":6,"href":"https:\/\/freie-kanu-sportler.de\/index.php?rest_route=\/wp\/v2\/posts\/180\/revisions"}],"predecessor-version":[{"id":8576,"href":"https:\/\/freie-kanu-sportler.de\/index.php?rest_route=\/wp\/v2\/posts\/180\/revisions\/8576"}],"wp:featuredmedia":[{"embeddable":true,"href":"https:\/\/freie-kanu-sportler.de\/index.php?rest_route=\/wp\/v2\/media\/8367"}],"wp:attachment":[{"href":"https:\/\/freie-kanu-sportler.de\/index.php?rest_route=%2Fwp%2Fv2%2Fmedia&parent=180"}],"wp:term":[{"taxonomy":"category","embeddable":true,"href":"https:\/\/freie-kanu-sportler.de\/index.php?rest_route=%2Fwp%2Fv2%2Fcategories&post=180"},{"taxonomy":"post_tag","embeddable":true,"href":"https:\/\/freie-kanu-sportler.de\/index.php?rest_route=%2Fwp%2Fv2%2Ftags&post=180"}],"curies":[{"name":"wp","href":"https:\/\/api.w.org\/{rel}","templated":true}]}}